{"id":9738,"date":"2011-06-14T17:29:19","date_gmt":"2011-06-14T17:29:19","guid":{"rendered":"http:\/\/www.precolombino.cl\/wp\/?p=9738"},"modified":"2011-11-07T18:10:19","modified_gmt":"2011-11-07T21:10:19","slug":"fragmento-de-textil-pintado-2","status":"publish","type":"post","link":"https:\/\/precolombino.cl\/wp\/en\/coleccion\/fragmento-de-textil-pintado-2\/","title":{"rendered":"Fragmento de textil pintado"},"content":{"rendered":"<p>Este textil pintado hace casi tres mil a\u00f1os, es probablemente una de las manifestaciones de pintura sobre tela m\u00e1s antiguas que se conocen en la actualidad. Nos enfrenta a una experiencia nueva en relaci\u00f3n a nuestras categor\u00edas de &#8220;tejido&#8221; o &#8220;pintura&#8221;, puesto que el pigmento no cubre la tela, como es el caso del soporte de la pintura cl\u00e1sica europea. Por el contrario, al estar pintada con una aguada transparente, estas piezas exhiben una notable simbiosis entre la textura del tejido y la pintura aplicada sobre ella. La dificultad de describir esta pieza de acuerdo a nuestras categor\u00edas, es reflejo del choque con una cosmovisi\u00f3n que no reconoce fronteras r\u00edgidas y en el cual el mismo proceso de tejer es tan importante como el producto, fusionando lo utilitario, lo simb\u00f3lico y lo sagrado.<\/p>\n<p>La imagen del hombre-jaguar sosteniendo b\u00e1culos serpentiformes evoca tambi\u00e9n una concepci\u00f3n de lo real en donde cultura y naturaleza se fertilizan mutuamente. Pese a que Chav\u00edn tiene un origen serrano, sus creencias e im\u00e1genes se inspiran en la jungla y fueron difundidas hasta los confines meridionales de su \u00e1rea de influencia -entre otras formas- a trav\u00e9s de representaciones pintadas, como esta pieza recuperada en la costa de Parakas. <\/p>\n<p>Los tres personajes representados en este fragmento -de penetrante mirada, nariz achatada y grandes fauces de colmillos entrabados- podr\u00edan aludir a la creencia que subsiste en algunos pueblos amaz\u00f3nicos, de que los chamanes adquieren la forma y poderes del jaguar. Tanto este animal como su representaci\u00f3n ic\u00f3nica se relacionan con el trueno, las lluvias y -por extensi\u00f3n- la agricultura y el algod\u00f3n, fibra domesticada en los Andes hace m\u00e1s de cuatro mil a\u00f1os y base del arte textil de estos pueblos.<\/p>","protected":false},"excerpt":{"rendered":"<p>Este textil pintado hace casi tres mil a\u00f1os, es probablemente una de las manifestaciones de pintura sobre tela m\u00e1s antiguas que se conocen en la actualidad. Nos enfrenta a una experiencia nueva en relaci\u00f3n a nuestras categor\u00edas de &#8220;tejido&#8221; o &#8220;pintura&#8221;, puesto que el pigmento no cubre la tela, como es el caso del soporte [&hellip;]<\/p>\n","protected":false},"author":1,"featured_media":12575,"comment_status":"open","ping_status":"open","sticky":false,"template":"","format":"standard","meta":{"ngg_post_thumbnail":0},"categories":[13,7,6,8,60,85],"tags":[],"_links":{"self":[{"href":"https:\/\/precolombino.cl\/wp\/en\/wp-json\/wp\/v2\/posts\/9738"}],"collection":[{"href":"https:\/\/precolombino.cl\/wp\/en\/wp-json\/wp\/v2\/posts"}],"about":[{"href":"https:\/\/precolombino.cl\/wp\/en\/wp-json\/wp\/v2\/types\/post"}],"author":[{"embeddable":true,"href":"https:\/\/precolombino.cl\/wp\/en\/wp-json\/wp\/v2\/users\/1"}],"replies":[{"embeddable":true,"href":"https:\/\/precolombino.cl\/wp\/en\/wp-json\/wp\/v2\/comments?post=9738"}],"version-history":[{"count":3,"href":"https:\/\/precolombino.cl\/wp\/en\/wp-json\/wp\/v2\/posts\/9738\/revisions"}],"predecessor-version":[{"id":25717,"href":"https:\/\/precolombino.cl\/wp\/en\/wp-json\/wp\/v2\/posts\/9738\/revisions\/25717"}],"wp:featuredmedia":[{"embeddable":true,"href":"https:\/\/precolombino.cl\/wp\/en\/wp-json\/wp\/v2\/media\/12575"}],"wp:attachment":[{"href":"https:\/\/precolombino.cl\/wp\/en\/wp-json\/wp\/v2\/media?parent=9738"}],"wp:term":[{"taxonomy":"category","embeddable":true,"href":"https:\/\/precolombino.cl\/wp\/en\/wp-json\/wp\/v2\/categories?post=9738"},{"taxonomy":"post_tag","embeddable":true,"href":"https:\/\/precolombino.cl\/wp\/en\/wp-json\/wp\/v2\/tags?post=9738"}],"curies":[{"name":"wp","href":"https:\/\/api.w.org\/{rel}","templated":true}]}}